{"id":705,"date":"2016-02-03T18:18:14","date_gmt":"2016-02-03T18:18:14","guid":{"rendered":"http:\/\/www.identitequebec.ca\/?p=219"},"modified":"2020-12-15T08:56:44","modified_gmt":"2020-12-15T13:56:44","slug":"quelques-informations-sur-la-verification-dantecedents-judiciaires","status":"publish","type":"post","link":"https:\/\/identitequebec.ca\/en\/quelques-informations-sur-la-verification-dantecedents-judiciaires\/","title":{"rendered":"Quelques informations sur la v\u00e9rification d\u2019ant\u00e9c\u00e9dents judiciaires"},"content":{"rendered":"<p>&nbsp;<br \/>\nLa formulation de<a href=\"http:\/\/35.203.5.59\/services\/\" target=\"_blank\">&nbsp;<strong>v\u00e9rification des ant\u00e9c\u00e9dents judiciaires<\/strong><\/a>&nbsp;est privil\u00e9gi\u00e9e par rapport \u00e0 celle de&nbsp;<em>v\u00e9rification du casier judiciaire<\/em>puisqu\u2019une telle proc\u00e9dure ne comprend pas que le contr\u00f4le du casier, mais \u00e9galement celui des&nbsp;<strong>dossiers de police<\/strong>. Ces dossiers contiennent des renseignements compl\u00e9mentaires \u00e0 ceux que l\u2019on retrouve dans un&nbsp;<em>casier judiciaire<\/em>.<br \/>\n<strong>En quoi la v\u00e9rification des ant\u00e9c\u00e9dents judiciaires consiste-t-elle?<\/strong><br \/>\nQu\u2019il s\u2019agisse d\u2019un&nbsp;<em>employeur<\/em>&nbsp;ou d\u2019une&nbsp;<em>organisation b\u00e9n\u00e9vole<\/em>&nbsp;souhaitant faire appel \u00e0 vos services, du&nbsp;<em>propri\u00e9taire<\/em>&nbsp;de l\u2019appartement que vous d\u00e9sirez louer, ou de l\u2019autorit\u00e9 de&nbsp;<em>r\u00e9glementation d\u2019une profession<\/em>&nbsp;pour laquelle vous devez obtenir un permis, on peut vous demander d\u2019autoriser une&nbsp;<strong>v\u00e9rification des dossiers de police<\/strong>&nbsp;afin d\u2019\u00e9tablir un rapport sur vos ant\u00e9c\u00e9dents. Le but d\u2019une&nbsp;<strong>v\u00e9rification<\/strong>&nbsp;des&nbsp;<strong>ant\u00e9c\u00e9dents judiciaires<\/strong>&nbsp;est de d\u00e9terminer si vos ant\u00e9c\u00e9dents peuvent jeter des doutes sur votre int\u00e9grit\u00e9. Il ne s\u2019agit que d\u2019une \u00e9tape parmi d\u2019autres lors d\u2019un processus de s\u00e9lection permettant d\u2019\u00e9valuer les qualifications d\u2019une personne.<br \/>\n<strong>Quel type de renseignements contiennent les dossiers de police?<\/strong><br \/>\nLes&nbsp;<strong>bases de donn\u00e9es polici\u00e8res<\/strong>&nbsp;contiennent un relev\u00e9 des&nbsp;<strong>ant\u00e9c\u00e9dents criminels<\/strong>, des plaintes ayant \u00e9t\u00e9 formul\u00e9es par ou contre la personne \u00e0 laquelle le dossier appartient, des informations concernant les accusations en instances ou dont une personne a \u00e9t\u00e9 acquitt\u00e9e, et plus encore. Lors d\u2019une&nbsp;<strong>v\u00e9rification des<\/strong>&nbsp;<strong>ant\u00e9c\u00e9dents judiciaire<\/strong>, le service de police \u00e0 qui la demande a \u00e9t\u00e9 faite peut \u00e9galement obtenir des renseignements \u00e0 partir de&nbsp;<em>bases de donn\u00e9es nationales<\/em>&nbsp;ou am\u00e9ricaines.<br \/>\n<strong>Une v\u00e9rification des ant\u00e9c\u00e9dents judiciaires peut-elle \u00eatre faite sans mon accord?<\/strong><br \/>\nLa police ne proc\u00e8de habituellement pas \u00e0 une telle v\u00e9rification sans que vous ne l\u2019ayez demand\u00e9e vous-m\u00eame, ou sans que vous n\u2019ayez consenti par \u00e9crit \u00e0 ce qu\u2019une tierce personne la demande.<br \/>\n<strong>Puis-je refuser que l\u2019on effectue une v\u00e9rification de mes ant\u00e9c\u00e9dents judiciaires?<\/strong><br \/>\nVous n\u2019avez pas \u00e0 consentir \u00e0 ce que l\u2019on v\u00e9rifie vos ant\u00e9c\u00e9dents, mais l\u2019organisme ou l\u2019employeur peut alors choisir de ne pas poursuivre l\u2019\u00e9tude de votre demande.<br \/>\nPour plus de renseignements sur la&nbsp;<strong>v\u00e9rification des ant\u00e9c\u00e9dents judiciaires<\/strong>, faites appel \u00e0&nbsp;<a href=\"http:\/\/35.203.5.59\/\" target=\"_blank\"><strong>iDentit\u00e9<\/strong>&nbsp;<strong>Qu\u00e9bec<\/strong><\/a>, et notre \u00e9quipe se fera un plaisir de partager son expertise avec vous.<\/p>","protected":false},"excerpt":{"rendered":"<p>&nbsp; La formulation de&nbsp;v\u00e9rification des ant\u00e9c\u00e9dents judiciaires&nbsp;est privil\u00e9gi\u00e9e par rapport \u00e0 celle de&nbsp;v\u00e9rification du casier judiciairepuisqu\u2019une telle proc\u00e9dure ne comprend pas que le contr\u00f4le du casier, mais \u00e9galement celui des&nbsp;dossiers de police. Ces dossiers contiennent des renseignements compl\u00e9mentaires \u00e0 ceux que l\u2019on retrouve dans un&nbsp;casier judiciaire. En quoi la v\u00e9rification des ant\u00e9c\u00e9dents judiciaires consiste-t-elle? Qu\u2019il s\u2019agisse d\u2019un&nbsp;employeur&nbsp;ou d\u2019une&nbsp;organisation b\u00e9n\u00e9vole&nbsp;souhaitant faire appel \u00e0 vos services, du&nbsp;propri\u00e9taire&nbsp;de l\u2019appartement que vous d\u00e9sirez louer, ou de l\u2019autorit\u00e9 de&nbsp;r\u00e9glementation d\u2019une&hellip;<\/p>","protected":false},"author":1,"featured_media":1767,"comment_status":"open","ping_status":"open","sticky":false,"template":"","format":"standard","meta":{"footnotes":""},"categories":[23,24],"tags":[],"post_series":[],"class_list":["post-705","post","type-post","status-publish","format-standard","has-post-thumbnail","hentry","category-demande-de-pardon-et-waiver","category-informations-generales","entry","has-media"],"_links":{"self":[{"href":"https:\/\/identitequebec.ca\/en\/wp-json\/wp\/v2\/posts\/705","targetHints":{"allow":["GET"]}}],"collection":[{"href":"https:\/\/identitequebec.ca\/en\/wp-json\/wp\/v2\/posts"}],"about":[{"href":"https:\/\/identitequebec.ca\/en\/wp-json\/wp\/v2\/types\/post"}],"author":[{"embeddable":true,"href":"https:\/\/identitequebec.ca\/en\/wp-json\/wp\/v2\/users\/1"}],"replies":[{"embeddable":true,"href":"https:\/\/identitequebec.ca\/en\/wp-json\/wp\/v2\/comments?post=705"}],"version-history":[{"count":0,"href":"https:\/\/identitequebec.ca\/en\/wp-json\/wp\/v2\/posts\/705\/revisions"}],"wp:featuredmedia":[{"embeddable":true,"href":"https:\/\/identitequebec.ca\/en\/wp-json\/wp\/v2\/media\/1767"}],"wp:attachment":[{"href":"https:\/\/identitequebec.ca\/en\/wp-json\/wp\/v2\/media?parent=705"}],"wp:term":[{"taxonomy":"category","embeddable":true,"href":"https:\/\/identitequebec.ca\/en\/wp-json\/wp\/v2\/categories?post=705"},{"taxonomy":"post_tag","embeddable":true,"href":"https:\/\/identitequebec.ca\/en\/wp-json\/wp\/v2\/tags?post=705"},{"taxonomy":"post_series","embeddable":true,"href":"https:\/\/identitequebec.ca\/en\/wp-json\/wp\/v2\/post_series?post=705"}],"curies":[{"name":"wp","href":"https:\/\/api.w.org\/{rel}","templated":true}]}}